{"id":10507,"date":"2025-11-03T13:52:24","date_gmt":"2025-11-03T13:52:24","guid":{"rendered":"https:\/\/www.lespetitesexperiences.com\/?p=10507"},"modified":"2026-03-10T13:18:28","modified_gmt":"2026-03-10T13:18:28","slug":"marche-verte-maroc","status":"publish","type":"post","link":"https:\/\/www.lespetitesexperiences.com\/en\/2025\/11\/03\/marche-verte-maroc\/","title":{"rendered":"Marche Verte Maroc : retour sur l&rsquo;\u00e9v\u00e9nement historique du 6 novembre 1975"},"content":{"rendered":"<span class=\"span-reading-time rt-reading-time\" style=\"display: block;\"><span class=\"rt-label rt-prefix\">Temps de lecture\u00a0: <\/span> <span class=\"rt-time\"> 6<\/span> <span class=\"rt-label rt-postfix\">minutes<\/span><\/span>\t\t<div data-elementor-type=\"wp-post\" data-elementor-id=\"10507\" class=\"elementor elementor-10507\">\n\t\t\t\t\t\t<section class=\"elementor-section elementor-top-section elementor-element elementor-element-90caaa0 elementor-section-boxed elementor-section-height-default elementor-section-height-default\" data-id=\"90caaa0\" data-element_type=\"section\">\n\t\t\t\t\t\t<div class=\"elementor-container elementor-column-gap-default\">\n\t\t\t\t\t<div class=\"elementor-column elementor-col-100 elementor-top-column elementor-element elementor-element-bfe54d3\" data-id=\"bfe54d3\" data-element_type=\"column\">\n\t\t\t<div class=\"elementor-widget-wrap elementor-element-populated\">\n\t\t\t\t\t\t<div class=\"elementor-element elementor-element-3184bd9 elementor-widget elementor-widget-spacer\" data-id=\"3184bd9\" data-element_type=\"widget\" data-widget_type=\"spacer.default\">\n\t\t\t\t<div class=\"elementor-widget-container\">\n\t\t\t\t\t\t\t<div class=\"elementor-spacer\">\n\t\t\t<div class=\"elementor-spacer-inner\"><\/div>\n\t\t<\/div>\n\t\t\t\t\t\t<\/div>\n\t\t\t\t<\/div>\n\t\t\t\t\t<\/div>\n\t\t<\/div>\n\t\t\t\t\t<\/div>\n\t\t<\/section>\n\t\t\t\t<section class=\"elementor-section elementor-top-section elementor-element elementor-element-507c3df elementor-section-boxed elementor-section-height-default elementor-section-height-default\" data-id=\"507c3df\" data-element_type=\"section\">\n\t\t\t\t\t\t<div class=\"elementor-container elementor-column-gap-default\">\n\t\t\t\t\t<div class=\"elementor-column elementor-col-100 elementor-top-column elementor-element elementor-element-3691b85\" data-id=\"3691b85\" data-element_type=\"column\">\n\t\t\t<div class=\"elementor-widget-wrap elementor-element-populated\">\n\t\t\t\t\t\t<div class=\"elementor-element elementor-element-712f53d elementor-widget elementor-widget-text-editor\" data-id=\"712f53d\" data-element_type=\"widget\" data-widget_type=\"text-editor.default\">\n\t\t\t\t<div class=\"elementor-widget-container\">\n\t\t\t\t\t\t\t\t\t<p><span style=\"font-weight: 400;\">La <\/span><strong>Marche Verte Maroc<\/strong><span style=\"font-weight: 400;\">, lanc\u00e9e le 6 novembre 1975, est rest\u00e9e dans la m\u00e9moire collective comme l\u2019un des \u00e9v\u00e9nements fondateurs de l\u2019histoire moderne du royaume du Maroc. Ce jour-l\u00e0, sur l\u2019appel du roi Hassan II, pr\u00e8s de 350 000 Marocains ont brav\u00e9 le d\u00e9sert pacifiquement pour traverser les fronti\u00e8res du Sahara occidental, alors sous administration coloniale espagnole. Arm\u00e9s chacun d\u2019un Coran et du drapeau national, ils ont form\u00e9 une v\u00e9ritable \u00ab mer humaine \u00bb afin de revendiquer la souverainet\u00e9 marocaine sur les provinces du Sud. Ce mouvement populaire et pacifique a conduit \u00e0 la ren\u00e9gociation du statut du Sahara espagnol concr\u00e9tis\u00e9e par les Accords de Madrid et \u00e0 la r\u00e9int\u00e9gration de ces territoires au Maroc. Dans cet article, nous retra\u00e7ons le contexte historique du Sahara marocain, le d\u00e9roulement de la Marche Verte et ses cons\u00e9quences (accords de Madrid, r\u00e9int\u00e9gration), avant d\u2019aborder son h\u00e9ritage, sa comm\u00e9moration, et son impact actuel sur le tourisme et la culture dans les r\u00e9gions sahariennes du Maroc. Vous \u00eates pr\u00eats pour un petit voyage dans le temps\u00a0?\u00a0<\/span><span style=\"font-weight: 400;\">\ud83d\ude0a<\/span><\/p><div id=\"ez-toc-container\" class=\"ez-toc-v2_0_79_2 counter-hierarchy ez-toc-counter ez-toc-custom ez-toc-container-direction\">\n<div class=\"ez-toc-title-container\">\n<p class=\"ez-toc-title\" style=\"cursor:inherit\">Table des mati\u00e8res<\/p>\n<span class=\"ez-toc-title-toggle\"><a href=\"#\" class=\"ez-toc-pull-right ez-toc-btn ez-toc-btn-xs ez-toc-btn-default ez-toc-toggle\" aria-label=\"Toggle Table of Content\"><span class=\"ez-toc-js-icon-con\"><span class=\"\"><span class=\"eztoc-hide\" style=\"display:none;\">Toggle<\/span><span class=\"ez-toc-icon-toggle-span\"><svg style=\"fill: #ffffff;color:#ffffff\" xmlns=\"http:\/\/www.w3.org\/2000\/svg\" class=\"list-377408\" width=\"20px\" height=\"20px\" viewbox=\"0 0 24 24\" fill=\"none\"><path d=\"M6 6H4v2h2V6zm14 0H8v2h12V6zM4 11h2v2H4v-2zm16 0H8v2h12v-2zM4 16h2v2H4v-2zm16 0H8v2h12v-2z\" fill=\"currentColor\"><\/path><\/svg><svg style=\"fill: #ffffff;color:#ffffff\" class=\"arrow-unsorted-368013\" xmlns=\"http:\/\/www.w3.org\/2000\/svg\" width=\"10px\" height=\"10px\" viewbox=\"0 0 24 24\" version=\"1.2\" baseprofile=\"tiny\"><path d=\"M18.2 9.3l-6.2-6.3-6.2 6.3c-.2.2-.3.4-.3.7s.1.5.3.7c.2.2.4.3.7.3h11c.3 0 .5-.1.7-.3.2-.2.3-.5.3-.7s-.1-.5-.3-.7zM5.8 14.7l6.2 6.3 6.2-6.3c.2-.2.3-.5.3-.7s-.1-.5-.3-.7c-.2-.2-.4-.3-.7-.3h-11c-.3 0-.5.1-.7.3-.2.2-.3.5-.3.7s.1.5.3.7z\"\/><\/svg><\/span><\/span><\/span><\/a><\/span><\/div>\n<nav><ul class='ez-toc-list ez-toc-list-level-1 eztoc-toggle-hide-by-default' ><li class='ez-toc-page-1 ez-toc-heading-level-2'><a class=\"ez-toc-link ez-toc-heading-1\" href=\"https:\/\/www.lespetitesexperiences.com\/en\/2025\/11\/03\/marche-verte-maroc\/#Contexte_historique_du_Sahara_marocain\" >Contexte historique du Sahara marocain<\/a><\/li><li class='ez-toc-page-1 ez-toc-heading-level-2'><a class=\"ez-toc-link ez-toc-heading-2\" href=\"https:\/\/www.lespetitesexperiences.com\/en\/2025\/11\/03\/marche-verte-maroc\/#1975_lappel_du_Roi_du_Maroc_et_la_preparation_de_la_Marche_Verte\" >1975 : l\u2019appel du Roi du Maroc et la pr\u00e9paration de la Marche Verte<\/a><\/li><li class='ez-toc-page-1 ez-toc-heading-level-2'><a class=\"ez-toc-link ez-toc-heading-3\" href=\"https:\/\/www.lespetitesexperiences.com\/en\/2025\/11\/03\/marche-verte-maroc\/#Le_6_novembre_1975_deroulement_de_la_Marche_Verte\" >Le 6 novembre 1975 : d\u00e9roulement de la Marche Verte<\/a><\/li><li class='ez-toc-page-1 ez-toc-heading-level-2'><a class=\"ez-toc-link ez-toc-heading-4\" href=\"https:\/\/www.lespetitesexperiences.com\/en\/2025\/11\/03\/marche-verte-maroc\/#Accords_de_Madrid_et_reintegration_des_provinces_du_Sud\" >Accords de Madrid et r\u00e9int\u00e9gration des provinces du Sud<\/a><\/li><li class='ez-toc-page-1 ez-toc-heading-level-2'><a class=\"ez-toc-link ez-toc-heading-5\" href=\"https:\/\/www.lespetitesexperiences.com\/en\/2025\/11\/03\/marche-verte-maroc\/#Heritage_historique_et_commemoration_de_la_Marche_Verte_Maroc\" >H\u00e9ritage historique et comm\u00e9moration de la Marche Verte Maroc<\/a><\/li><li class='ez-toc-page-1 ez-toc-heading-level-2'><a class=\"ez-toc-link ez-toc-heading-6\" href=\"https:\/\/www.lespetitesexperiences.com\/en\/2025\/11\/03\/marche-verte-maroc\/#Developpement_touristique_dans_les_provinces_du_Sud_apres_la_Marche_Verte_Maroc\" >D\u00e9veloppement touristique dans les provinces du Sud apr\u00e8s la Marche Verte Maroc<\/a><\/li><li class='ez-toc-page-1 ez-toc-heading-level-2'><a class=\"ez-toc-link ez-toc-heading-7\" href=\"https:\/\/www.lespetitesexperiences.com\/en\/2025\/11\/03\/marche-verte-maroc\/#Itineraires_et_sites_incontournables_lies_a_la_Marche_Verte\" >Itin\u00e9raires et sites incontournables li\u00e9s \u00e0 la Marche Verte<\/a><\/li><\/ul><\/nav><\/div>\n\t\t\t\t\t\t\t\t<\/div>\n\t\t\t\t<\/div>\n\t\t\t\t<div class=\"elementor-element elementor-element-b448e24 elementor-widget elementor-widget-spacer\" data-id=\"b448e24\" data-element_type=\"widget\" data-widget_type=\"spacer.default\">\n\t\t\t\t<div class=\"elementor-widget-container\">\n\t\t\t\t\t\t\t<div class=\"elementor-spacer\">\n\t\t\t<div class=\"elementor-spacer-inner\"><\/div>\n\t\t<\/div>\n\t\t\t\t\t\t<\/div>\n\t\t\t\t<\/div>\n\t\t\t\t\t<\/div>\n\t\t<\/div>\n\t\t\t\t\t<\/div>\n\t\t<\/section>\n\t\t\t\t<section class=\"elementor-section elementor-top-section elementor-element elementor-element-32ed00c elementor-section-boxed elementor-section-height-default elementor-section-height-default\" data-id=\"32ed00c\" data-element_type=\"section\">\n\t\t\t\t\t\t<div class=\"elementor-container elementor-column-gap-default\">\n\t\t\t\t\t<div class=\"elementor-column elementor-col-100 elementor-top-column elementor-element elementor-element-7223f01\" data-id=\"7223f01\" data-element_type=\"column\">\n\t\t\t<div class=\"elementor-widget-wrap elementor-element-populated\">\n\t\t\t\t\t\t<div class=\"elementor-element elementor-element-b4ca216 elementor-widget elementor-widget-heading\" data-id=\"b4ca216\" data-element_type=\"widget\" data-widget_type=\"heading.default\">\n\t\t\t\t<div class=\"elementor-widget-container\">\n\t\t\t\t\t<h2 class=\"elementor-heading-title elementor-size-default\"><span class=\"ez-toc-section\" id=\"Contexte_historique_du_Sahara_marocain\"><\/span>Contexte historique du Sahara marocain<span class=\"ez-toc-section-end\"><\/span><\/h2>\t\t\t\t<\/div>\n\t\t\t\t<\/div>\n\t\t\t\t<div class=\"elementor-element elementor-element-fb0f091 elementor-widget elementor-widget-spacer\" data-id=\"fb0f091\" data-element_type=\"widget\" data-widget_type=\"spacer.default\">\n\t\t\t\t<div class=\"elementor-widget-container\">\n\t\t\t\t\t\t\t<div class=\"elementor-spacer\">\n\t\t\t<div class=\"elementor-spacer-inner\"><\/div>\n\t\t<\/div>\n\t\t\t\t\t\t<\/div>\n\t\t\t\t<\/div>\n\t\t\t\t\t<\/div>\n\t\t<\/div>\n\t\t\t\t\t<\/div>\n\t\t<\/section>\n\t\t\t\t<section class=\"elementor-section elementor-top-section elementor-element elementor-element-730ae72 elementor-section-boxed elementor-section-height-default elementor-section-height-default\" data-id=\"730ae72\" data-element_type=\"section\">\n\t\t\t\t\t\t<div class=\"elementor-container elementor-column-gap-default\">\n\t\t\t\t\t<div class=\"elementor-column elementor-col-100 elementor-top-column elementor-element elementor-element-c23975a\" data-id=\"c23975a\" data-element_type=\"column\">\n\t\t\t<div class=\"elementor-widget-wrap elementor-element-populated\">\n\t\t\t\t\t\t<div class=\"elementor-element elementor-element-7a1944e elementor-widget elementor-widget-text-editor\" data-id=\"7a1944e\" data-element_type=\"widget\" data-widget_type=\"text-editor.default\">\n\t\t\t\t<div class=\"elementor-widget-container\">\n\t\t\t\t\t\t\t\t\t<p><span style=\"font-weight: 400;\">Au milieu du 19<\/span><span style=\"font-weight: 400;\">\u1d49<\/span><span style=\"font-weight: 400;\"> si\u00e8cle (vers 1860), l\u2019<\/span><b>Espagne coloniale<\/b><span style=\"font-weight: 400;\"> avait \u00e9tabli son administration sur le <\/span><a href=\"https:\/\/fr.wikipedia.org\/wiki\/Sahara_occidental\" target=\"_blank\" rel=\"noopener\"><b>Sahara occidental<\/b><\/a><span style=\"font-weight: 400;\">, r\u00e9gion qui \u00e9tait partie int\u00e9grante du territoire historique du Maroc. Au d\u00e9but des ann\u00e9es 1970, le Maroc multipliait les revendications sur ces provinces du Sud, s\u2019appuyant sur des <\/span><b>liens historiques reconnus entre les tribus sahraouies<\/b><span style=\"font-weight: 400;\"> et la monarchie ch\u00e9rifienne. En 1975, cette l\u00e9gitimit\u00e9 a \u00e9t\u00e9 confirm\u00e9e par un avis consultatif de la <\/span><b>Cour internationale de Justice <\/b><span style=\"font-weight: 400;\">(CIJ) qui reconnaissait l\u2019existence de liens historiques entre le Royaume du Maroc et le Sahara. Dans le m\u00eame temps, l\u2019Espagne envisageait d\u2019organiser un r\u00e9f\u00e9rendum d\u2019autod\u00e9termination au <\/span><b>Sahara occidental<\/b><span style=\"font-weight: 400;\">, tandis que <\/span><b>Rabat<\/b><span style=\"font-weight: 400;\">, soutenue par les <\/span><b>Nations Unies<\/b><span style=\"font-weight: 400;\">, cherchait une issue pacifique pour r\u00e9cup\u00e9rer ces terres historiquement marocaines. C\u2019est dans ce contexte tendu que la <\/span><b>Marche Verte du Maroc<\/b><span style=\"font-weight: 400;\"> est lanc\u00e9e le 6 novembre 1975, comme une mobilisation populaire, pacifique et symbolique visant \u00e0 revendiquer la <\/span><b>souverainet\u00e9 marocaine<\/b><span style=\"font-weight: 400;\"> sur ces territoires. Et ce contexte explique aussi l\u2019ampleur de la mobilisation qui allait suivre.<\/span><\/p>\t\t\t\t\t\t\t\t<\/div>\n\t\t\t\t<\/div>\n\t\t\t\t\t<\/div>\n\t\t<\/div>\n\t\t\t\t\t<\/div>\n\t\t<\/section>\n\t\t\t\t<section class=\"elementor-section elementor-top-section elementor-element elementor-element-c1db2f7 elementor-section-boxed elementor-section-height-default elementor-section-height-default\" data-id=\"c1db2f7\" data-element_type=\"section\">\n\t\t\t\t\t\t<div class=\"elementor-container elementor-column-gap-default\">\n\t\t\t\t\t<div class=\"elementor-column elementor-col-100 elementor-top-column elementor-element elementor-element-ceffe04\" data-id=\"ceffe04\" data-element_type=\"column\">\n\t\t\t<div class=\"elementor-widget-wrap elementor-element-populated\">\n\t\t\t\t\t\t<div class=\"elementor-element elementor-element-284e4e0 elementor-widget elementor-widget-spacer\" data-id=\"284e4e0\" data-element_type=\"widget\" data-widget_type=\"spacer.default\">\n\t\t\t\t<div class=\"elementor-widget-container\">\n\t\t\t\t\t\t\t<div class=\"elementor-spacer\">\n\t\t\t<div class=\"elementor-spacer-inner\"><\/div>\n\t\t<\/div>\n\t\t\t\t\t\t<\/div>\n\t\t\t\t<\/div>\n\t\t\t\t\t<\/div>\n\t\t<\/div>\n\t\t\t\t\t<\/div>\n\t\t<\/section>\n\t\t\t\t<section class=\"elementor-section elementor-top-section elementor-element elementor-element-d64a938 elementor-section-boxed elementor-section-height-default elementor-section-height-default\" data-id=\"d64a938\" data-element_type=\"section\">\n\t\t\t\t\t\t<div class=\"elementor-container elementor-column-gap-default\">\n\t\t\t\t\t<div class=\"elementor-column elementor-col-100 elementor-top-column elementor-element elementor-element-1455e98\" data-id=\"1455e98\" data-element_type=\"column\">\n\t\t\t<div class=\"elementor-widget-wrap elementor-element-populated\">\n\t\t\t\t\t\t<div class=\"elementor-element elementor-element-ee4197d elementor-widget elementor-widget-image\" data-id=\"ee4197d\" data-element_type=\"widget\" data-widget_type=\"image.default\">\n\t\t\t\t<div class=\"elementor-widget-container\">\n\t\t\t\t\t\t\t\t\t\t\t\t\t\t\t<img fetchpriority=\"high\" decoding=\"async\" width=\"768\" height=\"627\" src=\"https:\/\/www.lespetitesexperiences.com\/wp-content\/uploads\/2025\/10\/Marche-Verte-Maroc-Carte-du-Sahara-Occidental-et-revendications-marocaines.jpg\" class=\"attachment-medium_large size-medium_large wp-image-10510\" alt=\"Marche Verte Maroc - Carte du Sahara Occidental et revendications marocaines\" srcset=\"https:\/\/www.lespetitesexperiences.com\/wp-content\/uploads\/2025\/10\/Marche-Verte-Maroc-Carte-du-Sahara-Occidental-et-revendications-marocaines.jpg 1500w, https:\/\/www.lespetitesexperiences.com\/wp-content\/uploads\/2025\/10\/Marche-Verte-Maroc-Carte-du-Sahara-Occidental-et-revendications-marocaines-300x245.jpg 300w, https:\/\/www.lespetitesexperiences.com\/wp-content\/uploads\/2025\/10\/Marche-Verte-Maroc-Carte-du-Sahara-Occidental-et-revendications-marocaines-1024x836.jpg 1024w, https:\/\/www.lespetitesexperiences.com\/wp-content\/uploads\/2025\/10\/Marche-Verte-Maroc-Carte-du-Sahara-Occidental-et-revendications-marocaines-15x12.jpg 15w\" sizes=\"100vw\" \/>\t\t\t\t\t\t\t\t\t\t\t\t\t\t\t<\/div>\n\t\t\t\t<\/div>\n\t\t\t\t\t<\/div>\n\t\t<\/div>\n\t\t\t\t\t<\/div>\n\t\t<\/section>\n\t\t\t\t<section class=\"elementor-section elementor-top-section elementor-element elementor-element-0cbde65 elementor-section-boxed elementor-section-height-default elementor-section-height-default\" data-id=\"0cbde65\" data-element_type=\"section\">\n\t\t\t\t\t\t<div class=\"elementor-container elementor-column-gap-default\">\n\t\t\t\t\t<div class=\"elementor-column elementor-col-100 elementor-top-column elementor-element elementor-element-acecd52\" data-id=\"acecd52\" data-element_type=\"column\">\n\t\t\t<div class=\"elementor-widget-wrap\">\n\t\t\t\t\t\t\t<\/div>\n\t\t<\/div>\n\t\t\t\t\t<\/div>\n\t\t<\/section>\n\t\t\t\t<section class=\"elementor-section elementor-top-section elementor-element elementor-element-d30249e elementor-section-boxed elementor-section-height-default elementor-section-height-default\" data-id=\"d30249e\" data-element_type=\"section\">\n\t\t\t\t\t\t<div class=\"elementor-container elementor-column-gap-default\">\n\t\t\t\t\t<div class=\"elementor-column elementor-col-100 elementor-top-column elementor-element elementor-element-fbe2480\" data-id=\"fbe2480\" data-element_type=\"column\">\n\t\t\t<div class=\"elementor-widget-wrap elementor-element-populated\">\n\t\t\t\t\t\t<div class=\"elementor-element elementor-element-5c5e7cb elementor-widget elementor-widget-spacer\" data-id=\"5c5e7cb\" data-element_type=\"widget\" data-widget_type=\"spacer.default\">\n\t\t\t\t<div class=\"elementor-widget-container\">\n\t\t\t\t\t\t\t<div class=\"elementor-spacer\">\n\t\t\t<div class=\"elementor-spacer-inner\"><\/div>\n\t\t<\/div>\n\t\t\t\t\t\t<\/div>\n\t\t\t\t<\/div>\n\t\t\t\t\t<\/div>\n\t\t<\/div>\n\t\t\t\t\t<\/div>\n\t\t<\/section>\n\t\t\t\t<section class=\"elementor-section elementor-top-section elementor-element elementor-element-5206413 elementor-section-boxed elementor-section-height-default elementor-section-height-default\" data-id=\"5206413\" data-element_type=\"section\">\n\t\t\t\t\t\t<div class=\"elementor-container elementor-column-gap-default\">\n\t\t\t\t\t<div class=\"elementor-column elementor-col-100 elementor-top-column elementor-element elementor-element-834d613\" data-id=\"834d613\" data-element_type=\"column\">\n\t\t\t<div class=\"elementor-widget-wrap elementor-element-populated\">\n\t\t\t\t\t\t<div class=\"elementor-element elementor-element-b974e0d elementor-widget elementor-widget-heading\" data-id=\"b974e0d\" data-element_type=\"widget\" data-widget_type=\"heading.default\">\n\t\t\t\t<div class=\"elementor-widget-container\">\n\t\t\t\t\t<h2 class=\"elementor-heading-title elementor-size-default\"><span class=\"ez-toc-section\" id=\"1975_lappel_du_Roi_du_Maroc_et_la_preparation_de_la_Marche_Verte\"><\/span>1975 : l\u2019appel du Roi du Maroc et la pr\u00e9paration de la Marche Verte<span class=\"ez-toc-section-end\"><\/span><\/h2>\t\t\t\t<\/div>\n\t\t\t\t<\/div>\n\t\t\t\t<div class=\"elementor-element elementor-element-a22e2b3 elementor-widget elementor-widget-spacer\" data-id=\"a22e2b3\" data-element_type=\"widget\" data-widget_type=\"spacer.default\">\n\t\t\t\t<div class=\"elementor-widget-container\">\n\t\t\t\t\t\t\t<div class=\"elementor-spacer\">\n\t\t\t<div class=\"elementor-spacer-inner\"><\/div>\n\t\t<\/div>\n\t\t\t\t\t\t<\/div>\n\t\t\t\t<\/div>\n\t\t\t\t\t<\/div>\n\t\t<\/div>\n\t\t\t\t\t<\/div>\n\t\t<\/section>\n\t\t\t\t<section class=\"elementor-section elementor-top-section elementor-element elementor-element-dc0da9b elementor-section-boxed elementor-section-height-default elementor-section-height-default\" data-id=\"dc0da9b\" data-element_type=\"section\">\n\t\t\t\t\t\t<div class=\"elementor-container elementor-column-gap-default\">\n\t\t\t\t\t<div class=\"elementor-column elementor-col-100 elementor-top-column elementor-element elementor-element-5aedcac\" data-id=\"5aedcac\" data-element_type=\"column\">\n\t\t\t<div class=\"elementor-widget-wrap elementor-element-populated\">\n\t\t\t\t\t\t<div class=\"elementor-element elementor-element-3997c10 elementor-widget elementor-widget-text-editor\" data-id=\"3997c10\" data-element_type=\"widget\" data-widget_type=\"text-editor.default\">\n\t\t\t\t<div class=\"elementor-widget-container\">\n\t\t\t\t\t\t\t\t\t<p><span style=\"font-weight: 400;\">En octobre 1975, <\/span><a href=\"https:\/\/fr.wikipedia.org\/wiki\/Hassan_II\" target=\"_blank\" rel=\"noopener\"><b>le roi du Maroc Hassan II<\/b><\/a><span style=\"font-weight: 400;\"> donna le signal du soul\u00e8vement populaire en appelant \u00e0 une \u00ab <\/span><b>croisade religieuse et pacifique<\/b><span style=\"font-weight: 400;\"> \u00bb pour reprendre le Sahara occidental. Dans un discours historique prononc\u00e9 le 15 octobre 1975 \u00e0 Marrakech, il annon\u00e7a qu\u2019une grande marche pacifique traverserait le d\u00e9sert saharien afin de r\u00e9clamer la souverainet\u00e9 marocaine sur ce territoire. L\u2019\u00c9tat lan\u00e7a alors une <\/span><b>logistique colossale<\/b><span style=\"font-weight: 400;\"> : trains, avions et navires furent mobilis\u00e9s pour acheminer vivres et mat\u00e9riel afin de soutenir les marcheurs. Quelque <\/span><b>350 000 volontaires r\u00e9pondirent \u00e0 l\u2019appel<\/b><span style=\"font-weight: 400;\">, r\u00e9partis en camps g\u00e9ants, notamment pr\u00e8s de Tarfaya, et entra\u00een\u00e9s pour la longue travers\u00e9e. Chacun d\u2019entre eux portait avec fiert\u00e9 <\/span><b>le Coran dans une main et le drapeau national dans l\u2019autre<\/b><span style=\"font-weight: 400;\">. Les pr\u00e9paratifs diplomatiques allaient bon train, notamment apr\u00e8s l\u2019avis favorable de la CIJ du 16 octobre 1975 renfor\u00e7ant la l\u00e9gitimit\u00e9 de cette initiative, qui allait devenir la <\/span><b>Marche Verte du Maroc<\/b><span style=\"font-weight: 400;\"> lanc\u00e9e le 6 novembre 1975. L\u2019engouement populaire et la d\u00e9termination du peuple marocain illustraient la coh\u00e9sion du royaume autour de cette cause nationale. Cet engouement et cet <\/span><b>attachement au Sahara<\/b><span style=\"font-weight: 400;\"> sont encore palpables aujourd\u2019hui.<\/span><\/p>\t\t\t\t\t\t\t\t<\/div>\n\t\t\t\t<\/div>\n\t\t\t\t<div class=\"elementor-element elementor-element-4060d83 elementor-widget elementor-widget-spacer\" data-id=\"4060d83\" data-element_type=\"widget\" data-widget_type=\"spacer.default\">\n\t\t\t\t<div class=\"elementor-widget-container\">\n\t\t\t\t\t\t\t<div class=\"elementor-spacer\">\n\t\t\t<div class=\"elementor-spacer-inner\"><\/div>\n\t\t<\/div>\n\t\t\t\t\t\t<\/div>\n\t\t\t\t<\/div>\n\t\t\t\t\t<\/div>\n\t\t<\/div>\n\t\t\t\t\t<\/div>\n\t\t<\/section>\n\t\t\t\t<section class=\"elementor-section elementor-top-section elementor-element elementor-element-804135f elementor-section-boxed elementor-section-height-default elementor-section-height-default\" data-id=\"804135f\" data-element_type=\"section\">\n\t\t\t\t\t\t<div class=\"elementor-container elementor-column-gap-default\">\n\t\t\t\t\t<div class=\"elementor-column elementor-col-100 elementor-top-column elementor-element elementor-element-1ed5c1b\" data-id=\"1ed5c1b\" data-element_type=\"column\">\n\t\t\t<div class=\"elementor-widget-wrap elementor-element-populated\">\n\t\t\t\t\t\t<div class=\"elementor-element elementor-element-93e37e1 elementor-widget__width-initial elementor-widget elementor-widget-image\" data-id=\"93e37e1\" data-element_type=\"widget\" data-widget_type=\"image.default\">\n\t\t\t\t<div class=\"elementor-widget-container\">\n\t\t\t\t\t\t\t\t\t\t\t\t\t\t\t<img decoding=\"async\" width=\"810\" height=\"540\" src=\"https:\/\/www.lespetitesexperiences.com\/wp-content\/uploads\/2025\/10\/Roi-du-Maroc-Hassan-II-et-lappel-a-la-Marche-Verte.jpg\" class=\"attachment-large size-large wp-image-10511\" alt=\"Roi du Maroc Hassan II et l&#039;appel a la Marche Verte\" srcset=\"https:\/\/www.lespetitesexperiences.com\/wp-content\/uploads\/2025\/10\/Roi-du-Maroc-Hassan-II-et-lappel-a-la-Marche-Verte.jpg 810w, https:\/\/www.lespetitesexperiences.com\/wp-content\/uploads\/2025\/10\/Roi-du-Maroc-Hassan-II-et-lappel-a-la-Marche-Verte-300x200.jpg 300w, https:\/\/www.lespetitesexperiences.com\/wp-content\/uploads\/2025\/10\/Roi-du-Maroc-Hassan-II-et-lappel-a-la-Marche-Verte-18x12.jpg 18w\" sizes=\"100vw\" \/>\t\t\t\t\t\t\t\t\t\t\t\t\t\t\t<\/div>\n\t\t\t\t<\/div>\n\t\t\t\t\t<\/div>\n\t\t<\/div>\n\t\t\t\t\t<\/div>\n\t\t<\/section>\n\t\t\t\t<section class=\"elementor-section elementor-top-section elementor-element elementor-element-cd0ffa2 elementor-section-boxed elementor-section-height-default elementor-section-height-default\" data-id=\"cd0ffa2\" data-element_type=\"section\">\n\t\t\t\t\t\t<div class=\"elementor-container elementor-column-gap-default\">\n\t\t\t\t\t<div class=\"elementor-column elementor-col-100 elementor-top-column elementor-element elementor-element-739856f\" data-id=\"739856f\" data-element_type=\"column\">\n\t\t\t<div class=\"elementor-widget-wrap elementor-element-populated\">\n\t\t\t\t\t\t<div class=\"elementor-element elementor-element-73ad434 elementor-widget elementor-widget-spacer\" data-id=\"73ad434\" data-element_type=\"widget\" data-widget_type=\"spacer.default\">\n\t\t\t\t<div class=\"elementor-widget-container\">\n\t\t\t\t\t\t\t<div class=\"elementor-spacer\">\n\t\t\t<div class=\"elementor-spacer-inner\"><\/div>\n\t\t<\/div>\n\t\t\t\t\t\t<\/div>\n\t\t\t\t<\/div>\n\t\t\t\t\t<\/div>\n\t\t<\/div>\n\t\t\t\t\t<\/div>\n\t\t<\/section>\n\t\t\t\t<section class=\"elementor-section elementor-top-section elementor-element elementor-element-70352e5 elementor-section-boxed elementor-section-height-default elementor-section-height-default\" data-id=\"70352e5\" data-element_type=\"section\">\n\t\t\t\t\t\t<div class=\"elementor-container elementor-column-gap-default\">\n\t\t\t\t\t<div class=\"elementor-column elementor-col-100 elementor-top-column elementor-element elementor-element-42e4b54\" data-id=\"42e4b54\" data-element_type=\"column\">\n\t\t\t<div class=\"elementor-widget-wrap elementor-element-populated\">\n\t\t\t\t\t\t<div class=\"elementor-element elementor-element-8a58fa9 elementor-widget elementor-widget-heading\" data-id=\"8a58fa9\" data-element_type=\"widget\" data-widget_type=\"heading.default\">\n\t\t\t\t<div class=\"elementor-widget-container\">\n\t\t\t\t\t<h2 class=\"elementor-heading-title elementor-size-default\"><span class=\"ez-toc-section\" id=\"Le_6_novembre_1975_deroulement_de_la_Marche_Verte\"><\/span>Le 6 novembre 1975 : d\u00e9roulement de la Marche Verte<span class=\"ez-toc-section-end\"><\/span><\/h2>\t\t\t\t<\/div>\n\t\t\t\t<\/div>\n\t\t\t\t<div class=\"elementor-element elementor-element-aac7039 elementor-widget elementor-widget-spacer\" data-id=\"aac7039\" data-element_type=\"widget\" data-widget_type=\"spacer.default\">\n\t\t\t\t<div class=\"elementor-widget-container\">\n\t\t\t\t\t\t\t<div class=\"elementor-spacer\">\n\t\t\t<div class=\"elementor-spacer-inner\"><\/div>\n\t\t<\/div>\n\t\t\t\t\t\t<\/div>\n\t\t\t\t<\/div>\n\t\t\t\t\t<\/div>\n\t\t<\/div>\n\t\t\t\t\t<\/div>\n\t\t<\/section>\n\t\t\t\t<section class=\"elementor-section elementor-top-section elementor-element elementor-element-df85493 elementor-section-boxed elementor-section-height-default elementor-section-height-default\" data-id=\"df85493\" data-element_type=\"section\">\n\t\t\t\t\t\t<div class=\"elementor-container elementor-column-gap-default\">\n\t\t\t\t\t<div class=\"elementor-column elementor-col-100 elementor-top-column elementor-element elementor-element-ebba5bc\" data-id=\"ebba5bc\" data-element_type=\"column\">\n\t\t\t<div class=\"elementor-widget-wrap elementor-element-populated\">\n\t\t\t\t\t\t<div class=\"elementor-element elementor-element-70ac65b elementor-widget elementor-widget-text-editor\" data-id=\"70ac65b\" data-element_type=\"widget\" data-widget_type=\"text-editor.default\">\n\t\t\t\t<div class=\"elementor-widget-container\">\n\t\t\t\t\t\t\t\t\t<p><span style=\"font-weight: 400;\">D\u00e8s l\u2019aube du <\/span><b>6 novembre 1975<\/b><span style=\"font-weight: 400;\">, les 350 000 volontaires marocains engag\u00e9s dans la <\/span><b>Marche Verte Maroc<\/b><span style=\"font-weight: 400;\"> commenc\u00e8rent \u00e0 marcher en ordre et pacifiquement vers le Sahara occidental. Ils form\u00e8rent une v\u00e9ritable \u00ab mar\u00e9e humaine \u00bb : torse nu ou couvert de burnous (manteau en laine avec capuchon pointu, typique du Maghreb), chacun \u00e9levait le Coran et le drapeau marocain, scandant des formules patriotiques et des pri\u00e8res, beaucoup lan\u00e7ant spontan\u00e9ment \u00ab Allahu Akbar \u00bb (Dieu est grand). Le cort\u00e8ge, empreint de ferveur religieuse et nationale, avan\u00e7a <\/span><b>depuis la commune de <\/b><a href=\"https:\/\/fr.wikipedia.org\/wiki\/Tah_(Maroc)\" target=\"_blank\" rel=\"noopener\"><b>Tah<\/b><\/a><b> et la ville de <\/b><a href=\"https:\/\/fr.wikipedia.org\/wiki\/Tarfaya\" target=\"_blank\" rel=\"noopener\"><b>Tarfaya<\/b><\/a><span style=\"font-weight: 400;\"> jusqu\u2019aux avant-postes espagnols install\u00e9s en territoire saharien. Cette marche se d\u00e9roula <\/span><b>sans effusion de sang ni affrontement<\/b><span style=\"font-weight: 400;\"> : apr\u00e8s seulement trois jours symboliques de progression, le roi du Maroc Hassan II ordonna aux volontaires de <\/span><b>s\u2019arr\u00eater aux portes du territoire saharien<\/b><span style=\"font-weight: 400;\"> pour \u00e9viter toute confrontation arm\u00e9e. Ce geste montra la discipline et le caract\u00e8re strictement pacifique de l\u2019op\u00e9ration, comme l\u2019ont soulign\u00e9 les historiens. Malgr\u00e9 l\u2019immensit\u00e9 du d\u00e9sert, le succ\u00e8s de l\u2019\u00e9v\u00e9nement r\u00e9sida dans sa port\u00e9e symbolique et populaire : <\/span><b>le Maroc venait de d\u00e9montrer sa d\u00e9termination<\/b><span style=\"font-weight: 400;\"> \u00e0 r\u00e9cup\u00e9rer le Sahara par la seule force de sa mobilisation nationale.<\/span><\/p>\t\t\t\t\t\t\t\t<\/div>\n\t\t\t\t<\/div>\n\t\t\t\t<div class=\"elementor-element elementor-element-76cc054 elementor-widget elementor-widget-spacer\" data-id=\"76cc054\" data-element_type=\"widget\" data-widget_type=\"spacer.default\">\n\t\t\t\t<div class=\"elementor-widget-container\">\n\t\t\t\t\t\t\t<div class=\"elementor-spacer\">\n\t\t\t<div class=\"elementor-spacer-inner\"><\/div>\n\t\t<\/div>\n\t\t\t\t\t\t<\/div>\n\t\t\t\t<\/div>\n\t\t\t\t\t<\/div>\n\t\t<\/div>\n\t\t\t\t\t<\/div>\n\t\t<\/section>\n\t\t\t\t<section class=\"elementor-section elementor-top-section elementor-element elementor-element-1ef22ad elementor-section-boxed elementor-section-height-default elementor-section-height-default\" data-id=\"1ef22ad\" data-element_type=\"section\">\n\t\t\t\t\t\t<div class=\"elementor-container elementor-column-gap-default\">\n\t\t\t\t\t<div class=\"elementor-column elementor-col-50 elementor-top-column elementor-element elementor-element-a3331f3\" data-id=\"a3331f3\" data-element_type=\"column\">\n\t\t\t<div class=\"elementor-widget-wrap elementor-element-populated\">\n\t\t\t\t\t\t<div class=\"elementor-element elementor-element-d03c8a7 elementor-widget elementor-widget-image\" data-id=\"d03c8a7\" data-element_type=\"widget\" data-widget_type=\"image.default\">\n\t\t\t\t<div class=\"elementor-widget-container\">\n\t\t\t\t\t\t\t\t\t\t\t\t\t\t\t<img decoding=\"async\" width=\"950\" height=\"713\" src=\"https:\/\/www.lespetitesexperiences.com\/wp-content\/uploads\/2025\/10\/Les-participants-portant-des-drapeaux-marocains-lors-de-la-Marche-Verte-en-1975-1024x768.jpg\" class=\"attachment-large size-large wp-image-10512\" alt=\"Les participants portant des drapeaux marocains lors de la Marche Verte en 1975\" srcset=\"https:\/\/www.lespetitesexperiences.com\/wp-content\/uploads\/2025\/10\/Les-participants-portant-des-drapeaux-marocains-lors-de-la-Marche-Verte-en-1975-1024x768.jpg 1024w, https:\/\/www.lespetitesexperiences.com\/wp-content\/uploads\/2025\/10\/Les-participants-portant-des-drapeaux-marocains-lors-de-la-Marche-Verte-en-1975-300x225.jpg 300w, https:\/\/www.lespetitesexperiences.com\/wp-content\/uploads\/2025\/10\/Les-participants-portant-des-drapeaux-marocains-lors-de-la-Marche-Verte-en-1975-16x12.jpg 16w, https:\/\/www.lespetitesexperiences.com\/wp-content\/uploads\/2025\/10\/Les-participants-portant-des-drapeaux-marocains-lors-de-la-Marche-Verte-en-1975.jpg 1200w\" sizes=\"100vw\" \/>\t\t\t\t\t\t\t\t\t\t\t\t\t\t\t<\/div>\n\t\t\t\t<\/div>\n\t\t\t\t\t<\/div>\n\t\t<\/div>\n\t\t\t\t<div class=\"elementor-column elementor-col-50 elementor-top-column elementor-element elementor-element-250a34c\" data-id=\"250a34c\" data-element_type=\"column\">\n\t\t\t<div class=\"elementor-widget-wrap elementor-element-populated\">\n\t\t\t\t\t\t<div class=\"elementor-element elementor-element-0660ae0 elementor-widget elementor-widget-image\" data-id=\"0660ae0\" data-element_type=\"widget\" data-widget_type=\"image.default\">\n\t\t\t\t<div class=\"elementor-widget-container\">\n\t\t\t\t\t\t\t\t\t\t\t\t\t\t\t<img loading=\"lazy\" decoding=\"async\" width=\"950\" height=\"713\" src=\"https:\/\/www.lespetitesexperiences.com\/wp-content\/uploads\/2025\/10\/Heritage-et-commemoration-de-la-Marche-Verte-au-Maroc-1024x768.jpg\" class=\"attachment-large size-large wp-image-10513\" alt=\"H\u00e9ritage et comm\u00e9moration de la Marche Verte au Maroc\" srcset=\"https:\/\/www.lespetitesexperiences.com\/wp-content\/uploads\/2025\/10\/Heritage-et-commemoration-de-la-Marche-Verte-au-Maroc-1024x768.jpg 1024w, https:\/\/www.lespetitesexperiences.com\/wp-content\/uploads\/2025\/10\/Heritage-et-commemoration-de-la-Marche-Verte-au-Maroc-300x225.jpg 300w, https:\/\/www.lespetitesexperiences.com\/wp-content\/uploads\/2025\/10\/Heritage-et-commemoration-de-la-Marche-Verte-au-Maroc-16x12.jpg 16w, https:\/\/www.lespetitesexperiences.com\/wp-content\/uploads\/2025\/10\/Heritage-et-commemoration-de-la-Marche-Verte-au-Maroc.jpg 1200w\" sizes=\"100vw\" \/>\t\t\t\t\t\t\t\t\t\t\t\t\t\t\t<\/div>\n\t\t\t\t<\/div>\n\t\t\t\t\t<\/div>\n\t\t<\/div>\n\t\t\t\t\t<\/div>\n\t\t<\/section>\n\t\t\t\t<section class=\"elementor-section elementor-top-section elementor-element elementor-element-89a0785 elementor-section-boxed elementor-section-height-default elementor-section-height-default\" data-id=\"89a0785\" data-element_type=\"section\">\n\t\t\t\t\t\t<div class=\"elementor-container elementor-column-gap-default\">\n\t\t\t\t\t<div class=\"elementor-column elementor-col-100 elementor-top-column elementor-element elementor-element-f43f5b2\" data-id=\"f43f5b2\" data-element_type=\"column\">\n\t\t\t<div class=\"elementor-widget-wrap elementor-element-populated\">\n\t\t\t\t\t\t<div class=\"elementor-element elementor-element-c032c92 elementor-widget elementor-widget-spacer\" data-id=\"c032c92\" data-element_type=\"widget\" data-widget_type=\"spacer.default\">\n\t\t\t\t<div class=\"elementor-widget-container\">\n\t\t\t\t\t\t\t<div class=\"elementor-spacer\">\n\t\t\t<div class=\"elementor-spacer-inner\"><\/div>\n\t\t<\/div>\n\t\t\t\t\t\t<\/div>\n\t\t\t\t<\/div>\n\t\t\t\t<div class=\"elementor-element elementor-element-3d255fa elementor-widget elementor-widget-heading\" data-id=\"3d255fa\" data-element_type=\"widget\" data-widget_type=\"heading.default\">\n\t\t\t\t<div class=\"elementor-widget-container\">\n\t\t\t\t\t<h2 class=\"elementor-heading-title elementor-size-default\"><span class=\"ez-toc-section\" id=\"Accords_de_Madrid_et_reintegration_des_provinces_du_Sud\"><\/span>Accords de Madrid et r\u00e9int\u00e9gration des provinces du Sud<span class=\"ez-toc-section-end\"><\/span><\/h2>\t\t\t\t<\/div>\n\t\t\t\t<\/div>\n\t\t\t\t\t<\/div>\n\t\t<\/div>\n\t\t\t\t\t<\/div>\n\t\t<\/section>\n\t\t\t\t<section class=\"elementor-section elementor-top-section elementor-element elementor-element-b2be013 elementor-section-boxed elementor-section-height-default elementor-section-height-default\" data-id=\"b2be013\" data-element_type=\"section\">\n\t\t\t\t\t\t<div class=\"elementor-container elementor-column-gap-default\">\n\t\t\t\t\t<div class=\"elementor-column elementor-col-100 elementor-top-column elementor-element elementor-element-b70ff9d\" data-id=\"b70ff9d\" data-element_type=\"column\">\n\t\t\t<div class=\"elementor-widget-wrap elementor-element-populated\">\n\t\t\t\t\t\t<div class=\"elementor-element elementor-element-668eebe elementor-widget elementor-widget-spacer\" data-id=\"668eebe\" data-element_type=\"widget\" data-widget_type=\"spacer.default\">\n\t\t\t\t<div class=\"elementor-widget-container\">\n\t\t\t\t\t\t\t<div class=\"elementor-spacer\">\n\t\t\t<div class=\"elementor-spacer-inner\"><\/div>\n\t\t<\/div>\n\t\t\t\t\t\t<\/div>\n\t\t\t\t<\/div>\n\t\t\t\t<div class=\"elementor-element elementor-element-ab521f4 elementor-widget elementor-widget-text-editor\" data-id=\"ab521f4\" data-element_type=\"widget\" data-widget_type=\"text-editor.default\">\n\t\t\t\t<div class=\"elementor-widget-container\">\n\t\t\t\t\t\t\t\t\t<p><span style=\"font-weight: 400;\">La d\u00e9monstration de force pacifique de la <\/span><b>Marche Verte du Maroc<\/b><span style=\"font-weight: 400;\"> atteignit rapidement son but : confront\u00e9 \u00e0 ce mouvement populaire, le <\/span><b>gouvernement espagnol<\/b><span style=\"font-weight: 400;\"> choisit de n\u00e9gocier. <\/span><b>Le 14 novembre 1975, un accord fut sign\u00e9<\/b><span style=\"font-weight: 400;\"> \u00e0 Madrid r\u00e9unissant l\u2019Espagne, le Maroc et la Mauritanie. Cet accord pr\u00e9voyait le <\/span><b>retrait de l\u2019Espagne du Sahara occidental<\/b><span style=\"font-weight: 400;\">, en c\u00e9dant symboliquement deux tiers du territoire au Maroc et un tiers \u00e0 la Mauritanie. D\u00e8s le d\u00e9but de l\u2019ann\u00e9e 1976, le drapeau marocain commen\u00e7a \u00e0 flotter dans les principales villes sahariennes, notamment le 28 f\u00e9vrier 1976 \u00e0 <\/span><b>La\u00e2youne, capitale administrative du Sud<\/b><span style=\"font-weight: 400;\">, symbole de la r\u00e9int\u00e9gration d\u00e9finitive des provinces du Sud au sein du Royaume. Cet accord mit <\/span><b>fin \u00e0 l\u2019occupation coloniale espagnole<\/b><span style=\"font-weight: 400;\"> et ent\u00e9rina la <\/span><b>souverainet\u00e9 marocaine<\/b><span style=\"font-weight: 400;\"> sur ces provinces, bien que le conflit ait perdur\u00e9 avec le <\/span><a href=\"https:\/\/fr.wikipedia.org\/wiki\/Front_Polisario\" target=\"_blank\" rel=\"noopener\"><b>Polisario<\/b><\/a><span style=\"font-weight: 400;\"> (mouvement politique et arm\u00e9 ind\u00e9pendantiste du Sahara occidental, cr\u00e9\u00e9 en 1973 pour lutter contre l&rsquo;occupation espagnole, soutenu par l&rsquo;<\/span><b>Alg\u00e9rie qui revendique le contr\u00f4le du Sahara<\/b><span style=\"font-weight: 400;\"> occidental depuis 1976). N\u00e9anmoins, sur le plan diplomatique et historique, la Marche Verte du Maroc et les <\/span><a href=\"https:\/\/fr.wikipedia.org\/wiki\/Accords_de_Madrid\" target=\"_blank\" rel=\"noopener\"><span style=\"font-weight: 400;\">Accords de Madrid<\/span><\/a><span style=\"font-weight: 400;\"> ont permis au Maroc de renforcer officiellement l\u2019<\/span><b>unit\u00e9 nationale<\/b><span style=\"font-weight: 400;\"> autour de ces territoires autrefois disput\u00e9s.<\/span><\/p>\t\t\t\t\t\t\t\t<\/div>\n\t\t\t\t<\/div>\n\t\t\t\t<div class=\"elementor-element elementor-element-0530c8b elementor-widget elementor-widget-spacer\" data-id=\"0530c8b\" data-element_type=\"widget\" data-widget_type=\"spacer.default\">\n\t\t\t\t<div class=\"elementor-widget-container\">\n\t\t\t\t\t\t\t<div class=\"elementor-spacer\">\n\t\t\t<div class=\"elementor-spacer-inner\"><\/div>\n\t\t<\/div>\n\t\t\t\t\t\t<\/div>\n\t\t\t\t<\/div>\n\t\t\t\t\t<\/div>\n\t\t<\/div>\n\t\t\t\t\t<\/div>\n\t\t<\/section>\n\t\t\t\t<section class=\"elementor-section elementor-top-section elementor-element elementor-element-9f1f9b5 elementor-section-boxed elementor-section-height-default elementor-section-height-default\" data-id=\"9f1f9b5\" data-element_type=\"section\">\n\t\t\t\t\t\t<div class=\"elementor-container elementor-column-gap-default\">\n\t\t\t\t\t<div class=\"elementor-column elementor-col-100 elementor-top-column elementor-element elementor-element-e981a7a\" data-id=\"e981a7a\" data-element_type=\"column\">\n\t\t\t<div class=\"elementor-widget-wrap elementor-element-populated\">\n\t\t\t\t\t\t<div class=\"elementor-element elementor-element-dea183e elementor-widget elementor-widget-image\" data-id=\"dea183e\" data-element_type=\"widget\" data-widget_type=\"image.default\">\n\t\t\t\t<div class=\"elementor-widget-container\">\n\t\t\t\t\t\t\t\t\t\t\t\t\t\t\t<img loading=\"lazy\" decoding=\"async\" width=\"821\" height=\"450\" src=\"https:\/\/www.lespetitesexperiences.com\/wp-content\/uploads\/2025\/10\/Marche-Verte-Maroc-Les-Accords-de-Madrid-et-lintegration-du-Sahara.jpg\" class=\"attachment-large size-large wp-image-10514\" alt=\"Marche Verte Maroc - Les Accords de Madrid\" srcset=\"https:\/\/www.lespetitesexperiences.com\/wp-content\/uploads\/2025\/10\/Marche-Verte-Maroc-Les-Accords-de-Madrid-et-lintegration-du-Sahara.jpg 821w, https:\/\/www.lespetitesexperiences.com\/wp-content\/uploads\/2025\/10\/Marche-Verte-Maroc-Les-Accords-de-Madrid-et-lintegration-du-Sahara-300x164.jpg 300w, https:\/\/www.lespetitesexperiences.com\/wp-content\/uploads\/2025\/10\/Marche-Verte-Maroc-Les-Accords-de-Madrid-et-lintegration-du-Sahara-18x10.jpg 18w\" sizes=\"100vw\" \/>\t\t\t\t\t\t\t\t\t\t\t\t\t\t\t<\/div>\n\t\t\t\t<\/div>\n\t\t\t\t\t<\/div>\n\t\t<\/div>\n\t\t\t\t\t<\/div>\n\t\t<\/section>\n\t\t\t\t<section class=\"elementor-section elementor-top-section elementor-element elementor-element-f28c29f elementor-section-boxed elementor-section-height-default elementor-section-height-default\" data-id=\"f28c29f\" data-element_type=\"section\">\n\t\t\t\t\t\t<div class=\"elementor-container elementor-column-gap-default\">\n\t\t\t\t\t<div class=\"elementor-column elementor-col-100 elementor-top-column elementor-element elementor-element-17645f1\" data-id=\"17645f1\" data-element_type=\"column\">\n\t\t\t<div class=\"elementor-widget-wrap elementor-element-populated\">\n\t\t\t\t\t\t<div class=\"elementor-element elementor-element-bbf118e elementor-widget elementor-widget-spacer\" data-id=\"bbf118e\" data-element_type=\"widget\" data-widget_type=\"spacer.default\">\n\t\t\t\t<div class=\"elementor-widget-container\">\n\t\t\t\t\t\t\t<div class=\"elementor-spacer\">\n\t\t\t<div class=\"elementor-spacer-inner\"><\/div>\n\t\t<\/div>\n\t\t\t\t\t\t<\/div>\n\t\t\t\t<\/div>\n\t\t\t\t\t<\/div>\n\t\t<\/div>\n\t\t\t\t\t<\/div>\n\t\t<\/section>\n\t\t\t\t<section class=\"elementor-section elementor-top-section elementor-element elementor-element-d57fbc5 elementor-section-boxed elementor-section-height-default elementor-section-height-default\" data-id=\"d57fbc5\" data-element_type=\"section\">\n\t\t\t\t\t\t<div class=\"elementor-container elementor-column-gap-default\">\n\t\t\t\t\t<div class=\"elementor-column elementor-col-100 elementor-top-column elementor-element elementor-element-8991f2d\" data-id=\"8991f2d\" data-element_type=\"column\">\n\t\t\t<div class=\"elementor-widget-wrap elementor-element-populated\">\n\t\t\t\t\t\t<div class=\"elementor-element elementor-element-0f8cedc elementor-widget elementor-widget-spacer\" data-id=\"0f8cedc\" data-element_type=\"widget\" data-widget_type=\"spacer.default\">\n\t\t\t\t<div class=\"elementor-widget-container\">\n\t\t\t\t\t\t\t<div class=\"elementor-spacer\">\n\t\t\t<div class=\"elementor-spacer-inner\"><\/div>\n\t\t<\/div>\n\t\t\t\t\t\t<\/div>\n\t\t\t\t<\/div>\n\t\t\t\t<div class=\"elementor-element elementor-element-f50a4d5 elementor-widget elementor-widget-heading\" data-id=\"f50a4d5\" data-element_type=\"widget\" data-widget_type=\"heading.default\">\n\t\t\t\t<div class=\"elementor-widget-container\">\n\t\t\t\t\t<h2 class=\"elementor-heading-title elementor-size-default\"><span class=\"ez-toc-section\" id=\"Heritage_historique_et_commemoration_de_la_Marche_Verte_Maroc\"><\/span>H\u00e9ritage historique et comm\u00e9moration de la Marche Verte Maroc<span class=\"ez-toc-section-end\"><\/span><\/h2>\t\t\t\t<\/div>\n\t\t\t\t<\/div>\n\t\t\t\t<div class=\"elementor-element elementor-element-c1beeb6 elementor-widget elementor-widget-spacer\" data-id=\"c1beeb6\" data-element_type=\"widget\" data-widget_type=\"spacer.default\">\n\t\t\t\t<div class=\"elementor-widget-container\">\n\t\t\t\t\t\t\t<div class=\"elementor-spacer\">\n\t\t\t<div class=\"elementor-spacer-inner\"><\/div>\n\t\t<\/div>\n\t\t\t\t\t\t<\/div>\n\t\t\t\t<\/div>\n\t\t\t\t\t<\/div>\n\t\t<\/div>\n\t\t\t\t\t<\/div>\n\t\t<\/section>\n\t\t\t\t<section class=\"elementor-section elementor-top-section elementor-element elementor-element-b7cfd46 elementor-section-boxed elementor-section-height-default elementor-section-height-default\" data-id=\"b7cfd46\" data-element_type=\"section\">\n\t\t\t\t\t\t<div class=\"elementor-container elementor-column-gap-default\">\n\t\t\t\t\t<div class=\"elementor-column elementor-col-100 elementor-top-column elementor-element elementor-element-a96a69d\" data-id=\"a96a69d\" data-element_type=\"column\">\n\t\t\t<div class=\"elementor-widget-wrap elementor-element-populated\">\n\t\t\t\t\t\t<div class=\"elementor-element elementor-element-5a13fa1 elementor-widget elementor-widget-spacer\" data-id=\"5a13fa1\" data-element_type=\"widget\" data-widget_type=\"spacer.default\">\n\t\t\t\t<div class=\"elementor-widget-container\">\n\t\t\t\t\t\t\t<div class=\"elementor-spacer\">\n\t\t\t<div class=\"elementor-spacer-inner\"><\/div>\n\t\t<\/div>\n\t\t\t\t\t\t<\/div>\n\t\t\t\t<\/div>\n\t\t\t\t<div class=\"elementor-element elementor-element-5373d5f elementor-widget elementor-widget-text-editor\" data-id=\"5373d5f\" data-element_type=\"widget\" data-widget_type=\"text-editor.default\">\n\t\t\t\t<div class=\"elementor-widget-container\">\n\t\t\t\t\t\t\t\t\t<p><span style=\"font-weight: 400;\">Depuis 1975, la Marche Verte Maroc reste un \u00e9<\/span><b>pisode fondateur de l\u2019identit\u00e9 nationale marocaine<\/b><span style=\"font-weight: 400;\">. Le <\/span><b>6 novembre<\/b><span style=\"font-weight: 400;\"> est devenu un <\/span><b>jour de f\u00eate nationale<\/b><span style=\"font-weight: 400;\">, symbolisant l\u2019unit\u00e9 du pays et la <\/span><b>\u00ab marocanit\u00e9 \u00bb du Sahara<\/b><span style=\"font-weight: 400;\">. Chaque ann\u00e9e, des c\u00e9r\u00e9monies publiques et des d\u00e9fil\u00e9s sont organis\u00e9s dans toutes les villes : des anciens t\u00e9moins racontent aux nouvelles g\u00e9n\u00e9rations comment ce grand mouvement s\u2019est d\u00e9roul\u00e9 de mani\u00e8re pacifique et patriotique. Partout on brandit le Coran et le drapeau, rappelant l\u2019esprit de l\u2019\u00e9v\u00e9nement. Le gouvernement a \u00e9galement soutenu la m\u00e9moire de la Marche Verte du Maroc en pr\u00e9voyant la cr\u00e9ation d\u2019un <\/span><b>mus\u00e9e d\u00e9di\u00e9 dans la r\u00e9gion de La\u00e2youne<\/b><span style=\"font-weight: 400;\">.<\/span><\/p>\t\t\t\t\t\t\t\t<\/div>\n\t\t\t\t<\/div>\n\t\t\t\t\t<\/div>\n\t\t<\/div>\n\t\t\t\t\t<\/div>\n\t\t<\/section>\n\t\t\t\t<section class=\"elementor-section elementor-top-section elementor-element elementor-element-3f82644 elementor-section-boxed elementor-section-height-default elementor-section-height-default\" data-id=\"3f82644\" data-element_type=\"section\">\n\t\t\t\t\t\t<div class=\"elementor-container elementor-column-gap-default\">\n\t\t\t\t\t<div class=\"elementor-column elementor-col-50 elementor-top-column elementor-element elementor-element-d0a9f24\" data-id=\"d0a9f24\" data-element_type=\"column\">\n\t\t\t<div class=\"elementor-widget-wrap elementor-element-populated\">\n\t\t\t\t\t\t<div class=\"elementor-element elementor-element-7cd37a2 elementor-widget elementor-widget-text-editor\" data-id=\"7cd37a2\" data-element_type=\"widget\" data-widget_type=\"text-editor.default\">\n\t\t\t\t<div class=\"elementor-widget-container\">\n\t\t\t\t\t\t\t\t\t<p>\u00a0Pour vous plonger \u00e0 distance dans l\u2019atmosph\u00e8re de cet \u00e9v\u00e9nement historique, je vous recommande la lecture du\u00a0<b>roman \u00ab\u00a0Nos parents nous blessent avant de mourir\u00a0\u00bb<\/b>\u00a0(de My Seddik Rabbaj). Dans ce livre, l\u2019h\u00e9ro\u00efne Habiba, contrainte de fuir son foyer, se retrouve \u00e0 Safi lors de la grande Marche Verte et y participe spontan\u00e9ment au nom d\u2019un patriotisme diffus. Cette partie du roman, o\u00f9 le personnage \u00e9pouse l\u2019enthousiasme collectif, illustre la\u00a0<b>dimension populaire et \u00e9motionnelle de la marche<\/b>. Ainsi, ce roman moderne, m\u00eame s\u2019il traite avant tout de la condition des femmes marocaines, rend hommage \u00e0 cette p\u00e9riode : il permet au lecteur de\u00a0<b>\u00ab revivre \u00bb la glorieuse Marche Verte<\/b>\u00a0dans le contexte intime d\u2019une histoire de vie, soulignant la solidarit\u00e9 nationale qui l\u2019a port\u00e9e.<\/p>\t\t\t\t\t\t\t\t<\/div>\n\t\t\t\t<\/div>\n\t\t\t\t\t<\/div>\n\t\t<\/div>\n\t\t\t\t<div class=\"elementor-column elementor-col-50 elementor-top-column elementor-element elementor-element-6735d34\" data-id=\"6735d34\" data-element_type=\"column\">\n\t\t\t<div class=\"elementor-widget-wrap elementor-element-populated\">\n\t\t\t\t\t\t<div class=\"elementor-element elementor-element-012e71e elementor-widget__width-initial elementor-widget elementor-widget-image\" data-id=\"012e71e\" data-element_type=\"widget\" data-widget_type=\"image.default\">\n\t\t\t\t<div class=\"elementor-widget-container\">\n\t\t\t\t\t\t\t\t\t\t\t\t\t\t\t<img loading=\"lazy\" decoding=\"async\" width=\"500\" height=\"733\" src=\"https:\/\/www.lespetitesexperiences.com\/wp-content\/uploads\/2025\/10\/roman-Nos-parents-nous-blessent-avant-de-mourir-de-My-Seddik-Rabba.jpg\" class=\"attachment-medium_large size-medium_large wp-image-10515\" alt=\"roman Nos parents nous blessent avant de mourir de My Seddik Rabba\" srcset=\"https:\/\/www.lespetitesexperiences.com\/wp-content\/uploads\/2025\/10\/roman-Nos-parents-nous-blessent-avant-de-mourir-de-My-Seddik-Rabba.jpg 500w, https:\/\/www.lespetitesexperiences.com\/wp-content\/uploads\/2025\/10\/roman-Nos-parents-nous-blessent-avant-de-mourir-de-My-Seddik-Rabba-205x300.jpg 205w, https:\/\/www.lespetitesexperiences.com\/wp-content\/uploads\/2025\/10\/roman-Nos-parents-nous-blessent-avant-de-mourir-de-My-Seddik-Rabba-8x12.jpg 8w\" sizes=\"100vw\" \/>\t\t\t\t\t\t\t\t\t\t\t\t\t\t\t<\/div>\n\t\t\t\t<\/div>\n\t\t\t\t\t<\/div>\n\t\t<\/div>\n\t\t\t\t\t<\/div>\n\t\t<\/section>\n\t\t\t\t<section class=\"elementor-section elementor-top-section elementor-element elementor-element-deaba0a elementor-section-boxed elementor-section-height-default elementor-section-height-default\" data-id=\"deaba0a\" data-element_type=\"section\">\n\t\t\t\t\t\t<div class=\"elementor-container elementor-column-gap-default\">\n\t\t\t\t\t<div class=\"elementor-column elementor-col-100 elementor-top-column elementor-element elementor-element-1ed2f00\" data-id=\"1ed2f00\" data-element_type=\"column\">\n\t\t\t<div class=\"elementor-widget-wrap elementor-element-populated\">\n\t\t\t\t\t\t<div class=\"elementor-element elementor-element-86d9b72 elementor-widget elementor-widget-spacer\" data-id=\"86d9b72\" data-element_type=\"widget\" data-widget_type=\"spacer.default\">\n\t\t\t\t<div class=\"elementor-widget-container\">\n\t\t\t\t\t\t\t<div class=\"elementor-spacer\">\n\t\t\t<div class=\"elementor-spacer-inner\"><\/div>\n\t\t<\/div>\n\t\t\t\t\t\t<\/div>\n\t\t\t\t<\/div>\n\t\t\t\t<div class=\"elementor-element elementor-element-6775c71 elementor-widget elementor-widget-heading\" data-id=\"6775c71\" data-element_type=\"widget\" data-widget_type=\"heading.default\">\n\t\t\t\t<div class=\"elementor-widget-container\">\n\t\t\t\t\t<h2 class=\"elementor-heading-title elementor-size-default\"><span class=\"ez-toc-section\" id=\"Developpement_touristique_dans_les_provinces_du_Sud_apres_la_Marche_Verte_Maroc\"><\/span>D\u00e9veloppement touristique dans les provinces du Sud apr\u00e8s la Marche Verte Maroc<span class=\"ez-toc-section-end\"><\/span><\/h2>\t\t\t\t<\/div>\n\t\t\t\t<\/div>\n\t\t\t\t<div class=\"elementor-element elementor-element-6a5e21f elementor-widget elementor-widget-spacer\" data-id=\"6a5e21f\" data-element_type=\"widget\" data-widget_type=\"spacer.default\">\n\t\t\t\t<div class=\"elementor-widget-container\">\n\t\t\t\t\t\t\t<div class=\"elementor-spacer\">\n\t\t\t<div class=\"elementor-spacer-inner\"><\/div>\n\t\t<\/div>\n\t\t\t\t\t\t<\/div>\n\t\t\t\t<\/div>\n\t\t\t\t<div class=\"elementor-element elementor-element-a9e16fe elementor-widget elementor-widget-text-editor\" data-id=\"a9e16fe\" data-element_type=\"widget\" data-widget_type=\"text-editor.default\">\n\t\t\t\t<div class=\"elementor-widget-container\">\n\t\t\t\t\t\t\t\t\t<p><span style=\"font-weight: 400;\">Au-del\u00e0 de sa port\u00e9e politique, la Marche Verte du Maroc a contribu\u00e9 \u00e0 <\/span><b>ouvrir les provinces du Sud \u00e0 la modernit\u00e9<\/b><span style=\"font-weight: 400;\"> : ces derni\u00e8res ann\u00e9es, le <\/span><b>tourisme dans le Sahara marocain<\/b><span style=\"font-weight: 400;\"> s\u2019est consid\u00e9rablement d\u00e9velopp\u00e9. Selon le minist\u00e8re du Tourisme, pr\u00e8s de 197 000 visiteurs ont \u00e9t\u00e9 accueillis en 2024 dans le Sahara marocain, soit une hausse de +53 % par rapport \u00e0 2019. Ce boom touristique profite notamment aux <\/span><b>activit\u00e9s de sports nautiques <\/b><span style=\"font-weight: 400;\">(kite-surf, surf) sur l\u2019oc\u00e9an Atlantique et au <\/span><b>tourisme d\u00e9sertique<\/b><span style=\"font-weight: 400;\"> (randonn\u00e9es en dromadaire, bivouacs dans les dunes), largement soutenu par des programmes gouvernementaux (2023-2026) de valorisation th\u00e9matique. Les circuits culturels autour des ksour, des kasbahs et des festivit\u00e9s traditionnelles (moussems du Sahara) attirent \u00e9galement de nombreux visiteurs, tout comme la cuisine locale et l\u2019artisanat sahraoui. L\u2019ouverture de <\/span><b>nouvelles liaisons a\u00e9riennes<\/b><span style=\"font-weight: 400;\"> (par exemple entre Dakhla et Madrid ou Paris) a encore facilit\u00e9 l\u2019acc\u00e8s \u00e0 ces r\u00e9gions recul\u00e9es. R\u00e9sultat : la r\u00e9gion du Sud est d\u00e9sormais per\u00e7ue comme une <\/span><b>destination \u00e9mergente<\/b><span style=\"font-weight: 400;\">, o\u00f9 plages sauvages et patrimoine saharien se conjuguent. Si vous souhaitez d\u00e9couvrir cette r\u00e9gion hors du commun, nous vous recommandons les services de Leslie, \u00ab\u00a0<\/span><a href=\"https:\/\/www.lespetitesjambes.com\" target=\"_blank\" rel=\"noopener\"><span style=\"font-weight: 400;\">les Petites Jambes<\/span><\/a><span style=\"font-weight: 400;\">\u00a0\u00bb, <\/span><b>conseill\u00e8re voyage ind\u00e9pendante et amoureuse du Maroc<\/b><span style=\"font-weight: 400;\">, qui saura vous organiser un voyage loin des circuits touristiques classiques\u00a0!<\/span><\/p>\t\t\t\t\t\t\t\t<\/div>\n\t\t\t\t<\/div>\n\t\t\t\t<div class=\"elementor-element elementor-element-1d6fc43 elementor-widget elementor-widget-spacer\" data-id=\"1d6fc43\" data-element_type=\"widget\" data-widget_type=\"spacer.default\">\n\t\t\t\t<div class=\"elementor-widget-container\">\n\t\t\t\t\t\t\t<div class=\"elementor-spacer\">\n\t\t\t<div class=\"elementor-spacer-inner\"><\/div>\n\t\t<\/div>\n\t\t\t\t\t\t<\/div>\n\t\t\t\t<\/div>\n\t\t\t\t<div class=\"elementor-element elementor-element-8f691df elementor-widget elementor-widget-image\" data-id=\"8f691df\" data-element_type=\"widget\" data-widget_type=\"image.default\">\n\t\t\t\t<div class=\"elementor-widget-container\">\n\t\t\t\t\t\t\t\t\t\t\t\t\t\t\t<img loading=\"lazy\" decoding=\"async\" width=\"768\" height=\"431\" src=\"https:\/\/www.lespetitesexperiences.com\/wp-content\/uploads\/2025\/10\/Dakhla-destination-touristique-apres-la-Marche-Verte.jpeg\" class=\"attachment-medium_large size-medium_large wp-image-10516\" alt=\"Dakhla et l&#039;essor du tourisme saharien\" srcset=\"https:\/\/www.lespetitesexperiences.com\/wp-content\/uploads\/2025\/10\/Dakhla-destination-touristique-apres-la-Marche-Verte.jpeg 1312w, https:\/\/www.lespetitesexperiences.com\/wp-content\/uploads\/2025\/10\/Dakhla-destination-touristique-apres-la-Marche-Verte-300x168.jpeg 300w, https:\/\/www.lespetitesexperiences.com\/wp-content\/uploads\/2025\/10\/Dakhla-destination-touristique-apres-la-Marche-Verte-1024x574.jpeg 1024w, https:\/\/www.lespetitesexperiences.com\/wp-content\/uploads\/2025\/10\/Dakhla-destination-touristique-apres-la-Marche-Verte-18x10.jpeg 18w\" sizes=\"100vw\" \/>\t\t\t\t\t\t\t\t\t\t\t\t\t\t\t<\/div>\n\t\t\t\t<\/div>\n\t\t\t\t\t<\/div>\n\t\t<\/div>\n\t\t\t\t\t<\/div>\n\t\t<\/section>\n\t\t\t\t<section class=\"elementor-section elementor-top-section elementor-element elementor-element-b0f7593 elementor-section-boxed elementor-section-height-default elementor-section-height-default\" data-id=\"b0f7593\" data-element_type=\"section\">\n\t\t\t\t\t\t<div class=\"elementor-container elementor-column-gap-default\">\n\t\t\t\t\t<div class=\"elementor-column elementor-col-100 elementor-top-column elementor-element elementor-element-04e45f3\" data-id=\"04e45f3\" data-element_type=\"column\">\n\t\t\t<div class=\"elementor-widget-wrap elementor-element-populated\">\n\t\t\t\t\t\t<div class=\"elementor-element elementor-element-0b94e97 elementor-widget elementor-widget-spacer\" data-id=\"0b94e97\" data-element_type=\"widget\" data-widget_type=\"spacer.default\">\n\t\t\t\t<div class=\"elementor-widget-container\">\n\t\t\t\t\t\t\t<div class=\"elementor-spacer\">\n\t\t\t<div class=\"elementor-spacer-inner\"><\/div>\n\t\t<\/div>\n\t\t\t\t\t\t<\/div>\n\t\t\t\t<\/div>\n\t\t\t\t<div class=\"elementor-element elementor-element-dd992ba elementor-widget elementor-widget-heading\" data-id=\"dd992ba\" data-element_type=\"widget\" data-widget_type=\"heading.default\">\n\t\t\t\t<div class=\"elementor-widget-container\">\n\t\t\t\t\t<h2 class=\"elementor-heading-title elementor-size-default\"><span class=\"ez-toc-section\" id=\"Itineraires_et_sites_incontournables_lies_a_la_Marche_Verte\"><\/span>Itin\u00e9raires et sites incontournables li\u00e9s \u00e0 la Marche Verte<span class=\"ez-toc-section-end\"><\/span><\/h2>\t\t\t\t<\/div>\n\t\t\t\t<\/div>\n\t\t\t\t<div class=\"elementor-element elementor-element-61b8196 elementor-widget elementor-widget-spacer\" data-id=\"61b8196\" data-element_type=\"widget\" data-widget_type=\"spacer.default\">\n\t\t\t\t<div class=\"elementor-widget-container\">\n\t\t\t\t\t\t\t<div class=\"elementor-spacer\">\n\t\t\t<div class=\"elementor-spacer-inner\"><\/div>\n\t\t<\/div>\n\t\t\t\t\t\t<\/div>\n\t\t\t\t<\/div>\n\t\t\t\t<div class=\"elementor-element elementor-element-6b0575a elementor-widget elementor-widget-text-editor\" data-id=\"6b0575a\" data-element_type=\"widget\" data-widget_type=\"text-editor.default\">\n\t\t\t\t<div class=\"elementor-widget-container\">\n\t\t\t\t\t\t\t\t\t<p><span style=\"font-weight: 400;\">Pour les voyageurs souhaitant suivre les traces de <\/span><b>la Marche Verte<\/b><span style=\"font-weight: 400;\">, plusieurs \u00e9tapes cl\u00e9s dans le Sud marocain rappellent cette \u00e9pop\u00e9e historique. Parmi ces sites incontournables :<\/span><span style=\"font-weight: 400;\"><br \/><\/span><b><\/b><\/p>\n<ul>\n<li><b>Tah<\/b><span style=\"font-weight: 400;\"> : point de d\u00e9part historique de la marche. Ce village sert de m\u00e9moire vivante de l\u2019\u00e9v\u00e9nement. Un projet de mus\u00e9e \u00e9ducatif de la Marche Verte y est pr\u00e9vu pour transmettre cette m\u00e9moire populaire.<\/span><\/li>\n<li><b>Tarfaya<\/b><span style=\"font-weight: 400;\"> : ancienne garnison espagnole sur la c\u00f4te. On peut y visiter la forteresse <\/span><b>Casa del Mar<\/b><span style=\"font-weight: 400;\"> restaur\u00e9e et le <\/span><a href=\"https:\/\/fr.wikipedia.org\/wiki\/Mus%C3%A9e_Antoine-de-Saint-Exup%C3%A9ry\" target=\"_blank\" rel=\"noopener\"><b>mus\u00e9e Antoine de Saint-Exup\u00e9ry<\/b><\/a><span style=\"font-weight: 400;\">, consacr\u00e9 au c\u00e9l\u00e8bre aviateur pass\u00e9 par cette escale. Ces lieux, tr\u00e8s fr\u00e9quent\u00e9s aujourd\u2019hui, rappellent le pass\u00e9 colonial de la r\u00e9gion.<\/span><\/li>\n<li><b>La\u00e2youne<\/b><span style=\"font-weight: 400;\"> : capitale administrative du Sud marocain et plus grande ville de la r\u00e9gion. C\u2019est surtout l\u00e0 que le drapeau marocain a \u00e9t\u00e9 hiss\u00e9 en 1976 marquant la r\u00e9int\u00e9gration officielle des provinces du Sud au Royaume. La\u00e2youne offre un <\/span><b>front de mer anim\u00e9 et de jolies dunes<\/b><span style=\"font-weight: 400;\"> dans lesquelles faire du quad ou du dromadaire. La ville accueille \u00e9galement des centres culturels (biblioth\u00e8que Mohammed VI, m\u00e9diath\u00e8que) et chaque ann\u00e9e des c\u00e9r\u00e9monies comm\u00e9moratives du 6 novembre.<\/span><\/li>\n<li><b>La lagune de Naila (parc national de Khenifiss) <\/b><span style=\"font-weight: 400;\">et ses 300 km de c\u00f4tes offrent un cadre naturel exceptionnel alliant d\u00e9sert et oc\u00e9an. Un des plus beaux endroits du Maroc selon nous !<\/span><\/li>\n<li><b>Tan-Tan<\/b><span style=\"font-weight: 400;\"> : situ\u00e9e au nord du Sahara occidental, Tan-Tan marque l\u2019entr\u00e9e dans le grand d\u00e9sert. Elle est c\u00e9l\u00e8bre pour son Moussem national du Sahara, un grand festival annuel qui valorise la culture sahraouie (musique, artisanat, courses de chamelles).\u00a0<\/span><\/li>\n<li><b>Dakhla <\/b>: station baln\u00e9aire pris\u00e9e pour le kitesurf et la p\u00eache sportive. Longtemps isol\u00e9e, Dakhla et sa lagune ont connu une rapide urbanisation (sa population a quintupl\u00e9) et compte d\u00e9sormais de nombreux h\u00f4tels.<\/li>\n<\/ul>\t\t\t\t\t\t\t\t<\/div>\n\t\t\t\t<\/div>\n\t\t\t\t<div class=\"elementor-element elementor-element-cc3dcf8 elementor-widget elementor-widget-spacer\" data-id=\"cc3dcf8\" data-element_type=\"widget\" data-widget_type=\"spacer.default\">\n\t\t\t\t<div class=\"elementor-widget-container\">\n\t\t\t\t\t\t\t<div class=\"elementor-spacer\">\n\t\t\t<div class=\"elementor-spacer-inner\"><\/div>\n\t\t<\/div>\n\t\t\t\t\t\t<\/div>\n\t\t\t\t<\/div>\n\t\t\t\t\t<\/div>\n\t\t<\/div>\n\t\t\t\t\t<\/div>\n\t\t<\/section>\n\t\t\t\t<section class=\"elementor-section elementor-top-section elementor-element elementor-element-d460375 elementor-section-boxed elementor-section-height-default elementor-section-height-default\" data-id=\"d460375\" data-element_type=\"section\">\n\t\t\t\t\t\t<div class=\"elementor-container elementor-column-gap-default\">\n\t\t\t\t\t<div class=\"elementor-column elementor-col-50 elementor-top-column elementor-element elementor-element-8db5864\" data-id=\"8db5864\" data-element_type=\"column\">\n\t\t\t<div class=\"elementor-widget-wrap elementor-element-populated\">\n\t\t\t\t\t\t<div class=\"elementor-element elementor-element-d5868ac elementor-widget elementor-widget-image\" data-id=\"d5868ac\" data-element_type=\"widget\" data-widget_type=\"image.default\">\n\t\t\t\t<div class=\"elementor-widget-container\">\n\t\t\t\t\t\t\t\t\t\t\t\t\t\t\t<img loading=\"lazy\" decoding=\"async\" width=\"950\" height=\"634\" src=\"https:\/\/www.lespetitesexperiences.com\/wp-content\/uploads\/2025\/10\/Parc-national-de-Khenifiss-1024x683.jpg\" class=\"attachment-large size-large wp-image-10517\" alt=\"Parc national de Khenifiss\" srcset=\"https:\/\/www.lespetitesexperiences.com\/wp-content\/uploads\/2025\/10\/Parc-national-de-Khenifiss-1024x683.jpg 1024w, https:\/\/www.lespetitesexperiences.com\/wp-content\/uploads\/2025\/10\/Parc-national-de-Khenifiss-300x200.jpg 300w, https:\/\/www.lespetitesexperiences.com\/wp-content\/uploads\/2025\/10\/Parc-national-de-Khenifiss-18x12.jpg 18w, https:\/\/www.lespetitesexperiences.com\/wp-content\/uploads\/2025\/10\/Parc-national-de-Khenifiss.jpg 1500w\" sizes=\"100vw\" \/>\t\t\t\t\t\t\t\t\t\t\t\t\t\t\t<\/div>\n\t\t\t\t<\/div>\n\t\t\t\t\t<\/div>\n\t\t<\/div>\n\t\t\t\t<div class=\"elementor-column elementor-col-50 elementor-top-column elementor-element elementor-element-ec62880\" data-id=\"ec62880\" data-element_type=\"column\">\n\t\t\t<div class=\"elementor-widget-wrap elementor-element-populated\">\n\t\t\t\t\t\t<div class=\"elementor-element elementor-element-8709743 elementor-widget elementor-widget-image\" data-id=\"8709743\" data-element_type=\"widget\" data-widget_type=\"image.default\">\n\t\t\t\t<div class=\"elementor-widget-container\">\n\t\t\t\t\t\t\t\t\t\t\t\t\t\t\t<img loading=\"lazy\" decoding=\"async\" width=\"950\" height=\"634\" src=\"https:\/\/www.lespetitesexperiences.com\/wp-content\/uploads\/2025\/10\/plages-de-reve-au-Maroc-1024x683.jpg\" class=\"attachment-large size-large wp-image-10518\" alt=\"plages de reve au Maroc\" srcset=\"https:\/\/www.lespetitesexperiences.com\/wp-content\/uploads\/2025\/10\/plages-de-reve-au-Maroc-1024x683.jpg 1024w, https:\/\/www.lespetitesexperiences.com\/wp-content\/uploads\/2025\/10\/plages-de-reve-au-Maroc-300x200.jpg 300w, https:\/\/www.lespetitesexperiences.com\/wp-content\/uploads\/2025\/10\/plages-de-reve-au-Maroc-18x12.jpg 18w, https:\/\/www.lespetitesexperiences.com\/wp-content\/uploads\/2025\/10\/plages-de-reve-au-Maroc.jpg 1500w\" sizes=\"100vw\" \/>\t\t\t\t\t\t\t\t\t\t\t\t\t\t\t<\/div>\n\t\t\t\t<\/div>\n\t\t\t\t\t<\/div>\n\t\t<\/div>\n\t\t\t\t\t<\/div>\n\t\t<\/section>\n\t\t\t\t<section class=\"elementor-section elementor-top-section elementor-element elementor-element-c8c0f3d elementor-section-boxed elementor-section-height-default elementor-section-height-default\" data-id=\"c8c0f3d\" data-element_type=\"section\">\n\t\t\t\t\t\t<div class=\"elementor-container elementor-column-gap-default\">\n\t\t\t\t\t<div class=\"elementor-column elementor-col-100 elementor-top-column elementor-element elementor-element-9115bc7\" data-id=\"9115bc7\" data-element_type=\"column\">\n\t\t\t<div class=\"elementor-widget-wrap elementor-element-populated\">\n\t\t\t\t\t\t<div class=\"elementor-element elementor-element-4ac12b7 elementor-widget elementor-widget-spacer\" data-id=\"4ac12b7\" data-element_type=\"widget\" data-widget_type=\"spacer.default\">\n\t\t\t\t<div class=\"elementor-widget-container\">\n\t\t\t\t\t\t\t<div class=\"elementor-spacer\">\n\t\t\t<div class=\"elementor-spacer-inner\"><\/div>\n\t\t<\/div>\n\t\t\t\t\t\t<\/div>\n\t\t\t\t<\/div>\n\t\t\t\t<div class=\"elementor-element elementor-element-04f904c elementor-widget elementor-widget-text-editor\" data-id=\"04f904c\" data-element_type=\"widget\" data-widget_type=\"text-editor.default\">\n\t\t\t\t<div class=\"elementor-widget-container\">\n\t\t\t\t\t\t\t\t\t<p><span style=\"font-weight: 400;\">La <\/span><b>Marche Verte Maroc<\/b><span style=\"font-weight: 400;\"> du 6 novembre 1975 demeure une page incontournable de l\u2019histoire marocaine, symbole d\u2019un engagement national pacifique et d\u2019une solidarit\u00e9 populaire. Sa comm\u00e9moration invite \u00e0 saisir comment des r\u00e9cits collectifs, des pratiques culturelles et des paysages fa\u00e7onnent l\u2019identit\u00e9 d\u2019un pays. Voyager en suivant les traces de la Marche Verte permet d\u2019approcher une histoire vivante et de rencontrer des communaut\u00e9s dont l\u2019hospitalit\u00e9 et les savoirs t\u00e9moignent d\u2019un patrimoine encore bien pr\u00e9sent. Pour approfondir votre connaissance de la culture amazigh des provinces du Sud du Maroc, nous vous conseillons la lecture de notre article d\u00e9di\u00e9 aux <\/span><a href=\"https:\/\/www.lespetitesexperiences.com\/en\/2025\/10\/15\/bijoux-berberes\/\"><span style=\"font-weight: 400;\">bijoux berb\u00e8res<\/span><\/a><span style=\"font-weight: 400;\">.<\/span><\/p>\t\t\t\t\t\t\t\t<\/div>\n\t\t\t\t<\/div>\n\t\t\t\t\t<\/div>\n\t\t<\/div>\n\t\t\t\t\t<\/div>\n\t\t<\/section>\n\t\t\t\t<section class=\"elementor-section elementor-top-section elementor-element elementor-element-3581787 elementor-section-boxed elementor-section-height-default elementor-section-height-default\" data-id=\"3581787\" data-element_type=\"section\">\n\t\t\t\t\t\t<div class=\"elementor-container elementor-column-gap-default\">\n\t\t\t\t\t<div class=\"elementor-column elementor-col-100 elementor-top-column elementor-element elementor-element-a5fa4a2\" data-id=\"a5fa4a2\" data-element_type=\"column\">\n\t\t\t<div class=\"elementor-widget-wrap elementor-element-populated\">\n\t\t\t\t\t\t<div class=\"elementor-element elementor-element-6de4305 elementor-widget elementor-widget-spacer\" data-id=\"6de4305\" data-element_type=\"widget\" data-widget_type=\"spacer.default\">\n\t\t\t\t<div class=\"elementor-widget-container\">\n\t\t\t\t\t\t\t<div class=\"elementor-spacer\">\n\t\t\t<div class=\"elementor-spacer-inner\"><\/div>\n\t\t<\/div>\n\t\t\t\t\t\t<\/div>\n\t\t\t\t<\/div>\n\t\t\t\t\t<\/div>\n\t\t<\/div>\n\t\t\t\t\t<\/div>\n\t\t<\/section>\n\t\t\t\t<\/div>","protected":false},"excerpt":{"rendered":"<p><span class=\"span-reading-time rt-reading-time\" style=\"display: block;\"><span class=\"rt-label rt-prefix\">Reading time: <\/span> <span class=\"rt-time\"> 6<\/span> <span class=\"rt-label rt-postfix\">minutes<\/span><\/span>D\u00e9couvrez l\u2019histoire, les symboles et l\u2019artisanat amazigh \u00e0 travers des bijoux en argent, corail et \u00e9mail, h\u00e9ritage vivant du Maghreb.<\/p>","protected":false},"author":4,"featured_media":10564,"comment_status":"open","ping_status":"open","sticky":false,"template":"","format":"standard","meta":{"om_disable_all_campaigns":false,"_monsterinsights_skip_tracking":false,"_monsterinsights_sitenote_active":false,"_monsterinsights_sitenote_note":"","_monsterinsights_sitenote_category":0,"_uf_show_specific_survey":0,"_uf_disable_surveys":false,"footnotes":""},"categories":[7],"tags":[],"class_list":["post-10507","post","type-post","status-publish","format-standard","has-post-thumbnail","hentry","category-blog"],"_links":{"self":[{"href":"https:\/\/www.lespetitesexperiences.com\/en\/wp-json\/wp\/v2\/posts\/10507","targetHints":{"allow":["GET"]}}],"collection":[{"href":"https:\/\/www.lespetitesexperiences.com\/en\/wp-json\/wp\/v2\/posts"}],"about":[{"href":"https:\/\/www.lespetitesexperiences.com\/en\/wp-json\/wp\/v2\/types\/post"}],"author":[{"embeddable":true,"href":"https:\/\/www.lespetitesexperiences.com\/en\/wp-json\/wp\/v2\/users\/4"}],"replies":[{"embeddable":true,"href":"https:\/\/www.lespetitesexperiences.com\/en\/wp-json\/wp\/v2\/comments?post=10507"}],"version-history":[{"count":5,"href":"https:\/\/www.lespetitesexperiences.com\/en\/wp-json\/wp\/v2\/posts\/10507\/revisions"}],"predecessor-version":[{"id":10568,"href":"https:\/\/www.lespetitesexperiences.com\/en\/wp-json\/wp\/v2\/posts\/10507\/revisions\/10568"}],"wp:featuredmedia":[{"embeddable":true,"href":"https:\/\/www.lespetitesexperiences.com\/en\/wp-json\/wp\/v2\/media\/10564"}],"wp:attachment":[{"href":"https:\/\/www.lespetitesexperiences.com\/en\/wp-json\/wp\/v2\/media?parent=10507"}],"wp:term":[{"taxonomy":"category","embeddable":true,"href":"https:\/\/www.lespetitesexperiences.com\/en\/wp-json\/wp\/v2\/categories?post=10507"},{"taxonomy":"post_tag","embeddable":true,"href":"https:\/\/www.lespetitesexperiences.com\/en\/wp-json\/wp\/v2\/tags?post=10507"}],"curies":[{"name":"wp","href":"https:\/\/api.w.org\/{rel}","templated":true}]}}